{"id":904,"date":"2023-10-10T14:26:04","date_gmt":"2023-10-10T12:26:04","guid":{"rendered":"https:\/\/www.flechedor.lu\/2023\/10\/horaires-d-ouverture-de-bonnevoie-pour-novembre-decembre\/"},"modified":"2023-10-10T14:28:31","modified_gmt":"2023-10-10T12:28:31","slug":"horaires-d-ouverture-de-bonnevoie-pour-novembre-decembre","status":"publish","type":"post","link":"https:\/\/www.flechedor.lu\/fr\/2023\/10\/horaires-d-ouverture-de-bonnevoie-pour-novembre-decembre\/","title":{"rendered":"Horaires d&rsquo;ouverture de Bonnevoie pour novembre-d\u00e9cembre"},"content":{"rendered":"\n<p>Nous avons \u00e0 nouveau demand\u00e9 des horaires suppl\u00e9mentaires au <a href=\"https:\/\/www.flechedor.lu\/fr\/a-propos-du-club\/pas-de-tir-interieur-bonnevoie\/\" data-type=\"page\" data-id=\"419\">Hall de Bonnevoie<\/a> pour les week-ends de novembre et d\u00e9cembre, la plupart du temps pour les deux jours.<\/p>\n\n<p>N&rsquo;h\u00e9sitez pas \u00e0 vous organiser avec les autres membres du club pour venir ces jours-ci, les <strong>restrictions d&rsquo;acc\u00e8s habituelles<\/strong> sont toujours d&rsquo;actualit\u00e9.<\/p>\n\n<p>Nous nous occuperons tr\u00e8s bient\u00f4t des horaires des vacances de la Toussaint.<\/p>\n\n<p>Plus de d\u00e9tails sont disponibles sur la <a href=\"https:\/\/www.flechedor.lu\/fr\/a-propos-du-club\/pas-de-tir-interieur-bonnevoie\/horaires-d-ouverture-de-bonnevoie\/\" data-type=\"page\" data-id=\"699\">page des horaires d&rsquo;ouverture<\/a>.<\/p>\n","protected":false},"excerpt":{"rendered":"<p>Nous avons \u00e0 nouveau demand\u00e9 des horaires suppl\u00e9mentaires au Hall de Bonnevoie pour les week-ends de novembre et d\u00e9cembre, la plupart du temps pour les deux jours. N&rsquo;h\u00e9sitez pas \u00e0 vous organiser<\/p>\n<a class=\"moretag noptoppad\" href=\"https:\/\/www.flechedor.lu\/fr\/2023\/10\/horaires-d-ouverture-de-bonnevoie-pour-novembre-decembre\/\">Read More...<\/a>","protected":false},"author":2,"featured_media":0,"comment_status":"open","ping_status":"open","sticky":false,"template":"","format":"standard","meta":{"slim_seo":{"title":"Horaires d'ouverture de Bonnevoie pour novembre-d\u00e9cembre","description":"Nous avons \u00e0 nouveau demand\u00e9 des horaires suppl\u00e9mentaires au Hall de Bonnevoie pour les week-ends de novembre et d\u00e9cembre, la plupart du temps pour les deux jou"},"footnotes":""},"categories":[82],"tags":[84,87],"class_list":["post-904","post","type-post","status-publish","format-standard","hentry","category-entraanement","tag-entrainement","tag-tir-a-larc-interieur"],"_links":{"self":[{"href":"https:\/\/www.flechedor.lu\/fr\/wp-json\/wp\/v2\/posts\/904","targetHints":{"allow":["GET"]}}],"collection":[{"href":"https:\/\/www.flechedor.lu\/fr\/wp-json\/wp\/v2\/posts"}],"about":[{"href":"https:\/\/www.flechedor.lu\/fr\/wp-json\/wp\/v2\/types\/post"}],"author":[{"embeddable":true,"href":"https:\/\/www.flechedor.lu\/fr\/wp-json\/wp\/v2\/users\/2"}],"replies":[{"embeddable":true,"href":"https:\/\/www.flechedor.lu\/fr\/wp-json\/wp\/v2\/comments?post=904"}],"version-history":[{"count":1,"href":"https:\/\/www.flechedor.lu\/fr\/wp-json\/wp\/v2\/posts\/904\/revisions"}],"predecessor-version":[{"id":905,"href":"https:\/\/www.flechedor.lu\/fr\/wp-json\/wp\/v2\/posts\/904\/revisions\/905"}],"wp:attachment":[{"href":"https:\/\/www.flechedor.lu\/fr\/wp-json\/wp\/v2\/media?parent=904"}],"wp:term":[{"taxonomy":"category","embeddable":true,"href":"https:\/\/www.flechedor.lu\/fr\/wp-json\/wp\/v2\/categories?post=904"},{"taxonomy":"post_tag","embeddable":true,"href":"https:\/\/www.flechedor.lu\/fr\/wp-json\/wp\/v2\/tags?post=904"}],"curies":[{"name":"wp","href":"https:\/\/api.w.org\/{rel}","templated":true}]}}