{"id":731,"date":"2023-09-25T08:42:27","date_gmt":"2023-09-25T06:42:27","guid":{"rendered":"https:\/\/www.flechedor.lu\/2023\/09\/horaires-d-ouverture-de-bonnevoie-publies\/"},"modified":"2023-10-10T14:31:30","modified_gmt":"2023-10-10T12:31:30","slug":"horaires-d-ouverture-de-bonnevoie-publies","status":"publish","type":"post","link":"https:\/\/www.flechedor.lu\/fr\/2023\/09\/horaires-d-ouverture-de-bonnevoie-publies\/","title":{"rendered":"Les horaires d&rsquo;ouverture de Bonnevoie sont publi\u00e9s !"},"content":{"rendered":"\n<p>Nous avons demand\u00e9 \u00e0 la Ville de Luxembourg des heures d&rsquo;ouverture suppl\u00e9mentaires du <a href=\"https:\/\/www.flechedor.lu\/fr\/a-propos-du-club\/pas-de-tir-interieur-bonnevoie\/\" data-type=\"page\" data-id=\"419\">hall de Bonnevoie<\/a> pour les week-end d&rsquo;octobre, et avons re\u00e7u au moins un jour suppl\u00e9mentaire par semaine.<\/p>\n\n<p>N&rsquo;h\u00e9sitez pas \u00e0 vous organiser avec les autres membres du club pour venir ces jours-ci, les <strong>restrictions d&rsquo;acc\u00e8s habituelles<\/strong> sont toujours d&rsquo;actualit\u00e9.<\/p>\n\n<p>Nous allons procha\u00eenement faire de m\u00eame pour le mois de novembre, et mettre \u00e0 jour la <strong>fin du mois d&rsquo;octobre<\/strong> pour les vacances scolaires.<\/p>\n\n<p>Plus de d\u00e9tails sont disponibles sur la <a href=\"https:\/\/www.flechedor.lu\/fr\/a-propos-du-club\/pas-de-tir-interieur-bonnevoie\/horaires-d-ouverture-de-bonnevoie\/\" data-type=\"page\" data-id=\"699\">page des horaires d&rsquo;ouverture<\/a>.<\/p>\n","protected":false},"excerpt":{"rendered":"<p>Nous avons demand\u00e9 \u00e0 la Ville de Luxembourg des heures d&rsquo;ouverture suppl\u00e9mentaires du hall de Bonnevoie pour les week-end d&rsquo;octobre, et avons re\u00e7u au moins un jour suppl\u00e9mentaire par semaine. N&rsquo;h\u00e9sitez pas<\/p>\n<a class=\"moretag noptoppad\" href=\"https:\/\/www.flechedor.lu\/fr\/2023\/09\/horaires-d-ouverture-de-bonnevoie-publies\/\">Read More...<\/a>","protected":false},"author":2,"featured_media":0,"comment_status":"open","ping_status":"open","sticky":false,"template":"","format":"standard","meta":{"slim_seo":{"title":"Les horaires d'ouverture de Bonnevoie sont publi\u00e9s ! - Fl\u00e8che d&#039;Or Luxembourg","description":"Nous avons demand\u00e9 \u00e0 la Ville de Luxembourg des heures d'ouverture suppl\u00e9mentaires du hall de Bonnevoie pour les week-end d'octobre, et avons re\u00e7u au moins un j"},"footnotes":""},"categories":[82],"tags":[84,87],"class_list":["post-731","post","type-post","status-publish","format-standard","hentry","category-entraanement","tag-entrainement","tag-tir-a-larc-interieur"],"_links":{"self":[{"href":"https:\/\/www.flechedor.lu\/fr\/wp-json\/wp\/v2\/posts\/731","targetHints":{"allow":["GET"]}}],"collection":[{"href":"https:\/\/www.flechedor.lu\/fr\/wp-json\/wp\/v2\/posts"}],"about":[{"href":"https:\/\/www.flechedor.lu\/fr\/wp-json\/wp\/v2\/types\/post"}],"author":[{"embeddable":true,"href":"https:\/\/www.flechedor.lu\/fr\/wp-json\/wp\/v2\/users\/2"}],"replies":[{"embeddable":true,"href":"https:\/\/www.flechedor.lu\/fr\/wp-json\/wp\/v2\/comments?post=731"}],"version-history":[{"count":7,"href":"https:\/\/www.flechedor.lu\/fr\/wp-json\/wp\/v2\/posts\/731\/revisions"}],"predecessor-version":[{"id":907,"href":"https:\/\/www.flechedor.lu\/fr\/wp-json\/wp\/v2\/posts\/731\/revisions\/907"}],"wp:attachment":[{"href":"https:\/\/www.flechedor.lu\/fr\/wp-json\/wp\/v2\/media?parent=731"}],"wp:term":[{"taxonomy":"category","embeddable":true,"href":"https:\/\/www.flechedor.lu\/fr\/wp-json\/wp\/v2\/categories?post=731"},{"taxonomy":"post_tag","embeddable":true,"href":"https:\/\/www.flechedor.lu\/fr\/wp-json\/wp\/v2\/tags?post=731"}],"curies":[{"name":"wp","href":"https:\/\/api.w.org\/{rel}","templated":true}]}}