{"id":697,"date":"2023-09-18T00:00:00","date_gmt":"2023-09-17T22:00:00","guid":{"rendered":"https:\/\/www.flechedor.lu\/2023\/09\/saison-interieure-2023-2024\/"},"modified":"2023-09-24T21:17:18","modified_gmt":"2023-09-24T19:17:18","slug":"saison-interieure-2023-2024","status":"publish","type":"post","link":"https:\/\/www.flechedor.lu\/fr\/2023\/09\/saison-interieure-2023-2024\/","title":{"rendered":"Saison int\u00e9rieure 2023-2024"},"content":{"rendered":"\n<p>La saison int\u00e9rieure commence maintenant!<\/p>\n\n<p>\u00c0 partir du 25 septembre 2023, les membres peuvent venir s&rsquo;entra\u00eener au <a href=\"https:\/\/test-www.flechedor.lu\/about-the-club\/indoor-shooting-range-bonnevoie\/\" data-type=\"page\" data-id=\"419\">hall de tir de Bonnevoie<\/a>, aux horaires habituels: <strong>lundi \u00e0 vendredi, de 9h \u00e0 21h<\/strong>. Gardez bien \u00e0 l&rsquo;esprit que la Ville de Luxembourg requiert toujours deux personnes dans la salle afin de la garder ouverte.<\/p>\n\n<p>Les membres qui n&rsquo;ont pas encore re\u00e7u l&rsquo;accord du comit\u00e9 pour venir s&rsquo;entra\u00eener seuls doivent s&rsquo;organiser avec un membre plus experiment\u00e9 (le plus simple est de le faire \u00e0 travers le groupe WhatsApp des entra\u00eenements).<\/p>\n\n<p>Les horaires des vacances et des week-ends seront fournis procha\u00eenement, et ont d\u00e9j\u00e0 \u00e9t\u00e9 envoy\u00e9s sur nos groupes WhatsApp. N&rsquo;h\u00e9sitez pas \u00e0 demander \u00e0 les re-publier.<\/p>\n","protected":false},"excerpt":{"rendered":"<p>La saison int\u00e9rieure commence maintenant! \u00c0 partir du 25 septembre 2023, les membres peuvent venir s&rsquo;entra\u00eener au hall de tir de Bonnevoie, aux horaires habituels.<\/p>\n<a class=\"moretag noptoppad\" href=\"https:\/\/www.flechedor.lu\/fr\/2023\/09\/saison-interieure-2023-2024\/\">Read More...<\/a>","protected":false},"author":2,"featured_media":0,"comment_status":"open","ping_status":"open","sticky":false,"template":"","format":"standard","meta":{"slim_seo":{"title":"Saison int\u00e9rieure 2023-2024 - Fl\u00e8che d&#039;Or Luxembourg","description":"La saison int\u00e9rieure commence maintenant! \u00c0 partir du 25 septembre 2023, les membres peuvent venir s'entra\u00eener au hall de tir de Bonnevoie, aux horaires habitue"},"footnotes":""},"categories":[82],"tags":[84,87],"class_list":["post-697","post","type-post","status-publish","format-standard","hentry","category-entraanement","tag-entrainement","tag-tir-a-larc-interieur"],"_links":{"self":[{"href":"https:\/\/www.flechedor.lu\/fr\/wp-json\/wp\/v2\/posts\/697","targetHints":{"allow":["GET"]}}],"collection":[{"href":"https:\/\/www.flechedor.lu\/fr\/wp-json\/wp\/v2\/posts"}],"about":[{"href":"https:\/\/www.flechedor.lu\/fr\/wp-json\/wp\/v2\/types\/post"}],"author":[{"embeddable":true,"href":"https:\/\/www.flechedor.lu\/fr\/wp-json\/wp\/v2\/users\/2"}],"replies":[{"embeddable":true,"href":"https:\/\/www.flechedor.lu\/fr\/wp-json\/wp\/v2\/comments?post=697"}],"version-history":[{"count":1,"href":"https:\/\/www.flechedor.lu\/fr\/wp-json\/wp\/v2\/posts\/697\/revisions"}],"predecessor-version":[{"id":698,"href":"https:\/\/www.flechedor.lu\/fr\/wp-json\/wp\/v2\/posts\/697\/revisions\/698"}],"wp:attachment":[{"href":"https:\/\/www.flechedor.lu\/fr\/wp-json\/wp\/v2\/media?parent=697"}],"wp:term":[{"taxonomy":"category","embeddable":true,"href":"https:\/\/www.flechedor.lu\/fr\/wp-json\/wp\/v2\/categories?post=697"},{"taxonomy":"post_tag","embeddable":true,"href":"https:\/\/www.flechedor.lu\/fr\/wp-json\/wp\/v2\/tags?post=697"}],"curies":[{"name":"wp","href":"https:\/\/api.w.org\/{rel}","templated":true}]}}